{"id":1970,"date":"2026-03-13T06:34:42","date_gmt":"2026-03-13T06:34:42","guid":{"rendered":"https:\/\/www.bukkszek.hu\/2015\/?p=1970"},"modified":"2026-03-13T06:34:42","modified_gmt":"2026-03-13T06:34:42","slug":"orvosi-rendeles-2","status":"publish","type":"post","link":"http:\/\/www.bukkszek.hu\/2015\/2026\/03\/13\/orvosi-rendeles-2\/","title":{"rendered":"Orvosi rendel\u00e9s"},"content":{"rendered":"\n<p class=\"has-text-align-center\"><strong><em><u>FELH\u00cdV\u00c1S<\/u><\/em><\/strong><\/p>\n\n\n\n<p class=\"has-text-align-center\">\u00c9rtes\u00edtj\u00fck a p\u00e1cienseinket. hogy<\/p>\n\n\n\n<p class=\"has-text-align-center\"><strong>helyettes\u00edt\u00e9s miatt<\/strong><\/p>\n\n\n\n<p class=\"has-text-align-center\"><strong>2026.03.13.-\u00e1n p\u00e9nteken 11-12 rendel\u00e9s\/12-13 recept\u00edr\u00e1s<\/strong><\/p>\n\n\n\n<p class=\"has-text-align-center\"><strong>2026.03.17.-\u00e9n kedden 8-9 recept\u00edr\u00e1s\/ 9-10 \u00f3ra k\u00f6z\u00f6tt rendel\u00e9s<\/strong><\/p>\n\n\n\n<p class=\"has-text-align-center\"><strong>a B\u00fckksz\u00e9ki orvosi rendel\u0151ben lesz.<\/strong><\/p>\n\n\n\n<p class=\"has-text-align-center\"><strong>2026.03.19.-\u00e9n cs\u00fct\u00f6rt\u00f6k\u00f6n Szajl\u00e1n \u00e1ramsz\u00fcnet miatt a rendel\u00e9s elmarad.<\/strong><\/p>\n\n\n\n<p class=\"has-text-align-center\"><strong>A t\u00f6bbi napon a rendel\u00e9s ideje v\u00e1ltozatlan !<\/strong><\/p>\n\n\n\n<p class=\"has-text-align-center\">Tisztelettel: Dr Gregorovics Istv\u00e1n<\/p>\n","protected":false},"excerpt":{"rendered":"<p>FELH\u00cdV\u00c1S \u00c9rtes\u00edtj\u00fck a p\u00e1cienseinket. hogy helyettes\u00edt\u00e9s miatt 2026.03.13.-\u00e1n p\u00e9nteken 11-12 rendel\u00e9s\/12-13 recept\u00edr\u00e1s 2026.03.17.-\u00e9n kedden 8-9 recept\u00edr\u00e1s\/ 9-10 \u00f3ra k\u00f6z\u00f6tt rendel\u00e9s a B\u00fckksz\u00e9ki orvosi rendel\u0151ben lesz. 2026.03.19.-\u00e9n cs\u00fct\u00f6rt\u00f6k\u00f6n Szajl\u00e1n \u00e1ramsz\u00fcnet miatt a rendel\u00e9s elmarad. A&#46;&#46;&#46;<\/p>\n","protected":false},"author":4,"featured_media":1919,"comment_status":"closed","ping_status":"open","sticky":false,"template":"","format":"standard","meta":{"footnotes":""},"categories":[6],"tags":[],"class_list":["post-1970","post","type-post","status-publish","format-standard","has-post-thumbnail","hentry","category-hirek"],"_links":{"self":[{"href":"http:\/\/www.bukkszek.hu\/2015\/wp-json\/wp\/v2\/posts\/1970","targetHints":{"allow":["GET"]}}],"collection":[{"href":"http:\/\/www.bukkszek.hu\/2015\/wp-json\/wp\/v2\/posts"}],"about":[{"href":"http:\/\/www.bukkszek.hu\/2015\/wp-json\/wp\/v2\/types\/post"}],"author":[{"embeddable":true,"href":"http:\/\/www.bukkszek.hu\/2015\/wp-json\/wp\/v2\/users\/4"}],"replies":[{"embeddable":true,"href":"http:\/\/www.bukkszek.hu\/2015\/wp-json\/wp\/v2\/comments?post=1970"}],"version-history":[{"count":1,"href":"http:\/\/www.bukkszek.hu\/2015\/wp-json\/wp\/v2\/posts\/1970\/revisions"}],"predecessor-version":[{"id":1971,"href":"http:\/\/www.bukkszek.hu\/2015\/wp-json\/wp\/v2\/posts\/1970\/revisions\/1971"}],"wp:featuredmedia":[{"embeddable":true,"href":"http:\/\/www.bukkszek.hu\/2015\/wp-json\/wp\/v2\/media\/1919"}],"wp:attachment":[{"href":"http:\/\/www.bukkszek.hu\/2015\/wp-json\/wp\/v2\/media?parent=1970"}],"wp:term":[{"taxonomy":"category","embeddable":true,"href":"http:\/\/www.bukkszek.hu\/2015\/wp-json\/wp\/v2\/categories?post=1970"},{"taxonomy":"post_tag","embeddable":true,"href":"http:\/\/www.bukkszek.hu\/2015\/wp-json\/wp\/v2\/tags?post=1970"}],"curies":[{"name":"wp","href":"https:\/\/api.w.org\/{rel}","templated":true}]}}